{"id":1225,"date":"2023-04-04T19:04:06","date_gmt":"2023-04-04T19:04:06","guid":{"rendered":"https:\/\/www.hospitalnavalmagallanes.cl\/?p=1225"},"modified":"2025-05-12T18:04:54","modified_gmt":"2025-05-12T18:04:54","slug":"comenzo-la-campana-de-vacunacion-contra-la-influenza-2023","status":"publish","type":"post","link":"https:\/\/www.hospitalnavalmagallanes.cl\/?p=1225","title":{"rendered":"Comenz\u00f3 la campa\u00f1a de vacunaci\u00f3n contra la Influenza 2023"},"content":{"rendered":"\n<figure class=\"wp-block-image aligncenter size-full\"><img decoding=\"async\" width=\"600\" height=\"250\" src=\"https:\/\/www.hospitalnavalmagallanes.cl\/wp-content\/uploads\/2023\/04\/vacunacion2023.png\" alt=\"\" class=\"wp-image-1226\" srcset=\"https:\/\/www.hospitalnavalmagallanes.cl\/wp-content\/uploads\/2023\/04\/vacunacion2023.png 600w, https:\/\/www.hospitalnavalmagallanes.cl\/wp-content\/uploads\/2023\/04\/vacunacion2023-300x125.png 300w\" sizes=\"(max-width: 600px) 100vw, 600px\" \/><\/figure>\n\n\n\n<p><\/p>\n\n\n\n<p>El 15 de marzo se dio inicio a la&nbsp;<strong>campa\u00f1a de vacunaci\u00f3n contra la Influenza 2023<\/strong>&nbsp;dirigida a grupos de la poblaci\u00f3n definidos, debido a su riesgo de sufrir complicaciones severas de la enfermedad.<\/p>\n\n\n\n<p>La influenza es una&nbsp;<strong>enfermedad grave y contagiosa,<\/strong>&nbsp;causada por un virus, que se transmite al toser, estornudar o por secreciones nasales.<\/p>\n\n\n\n<p>Vacunarse todos los a\u00f1os es la mejor manera de disminuir el riesgo de contraer la enfermedad, contagiarla a otras personas y sufrir complicaciones.<\/p>\n\n\n\n<p>La&nbsp;<strong>vacuna es segura y gratuita<\/strong>&nbsp;para las personas que constituyen los grupos objetivo de la campa\u00f1a.<\/p>\n\n\n\n<p><strong>Poblaci\u00f3n Objetivo<\/strong><\/p>\n\n\n\n<p>1.-&nbsp;<strong>Personal de salud.<\/strong><\/p>\n\n\n\n<p>2.-&nbsp;<strong>Personas de 65 y m\u00e1s a\u00f1os.<\/strong><\/p>\n\n\n\n<p>3.-&nbsp;<strong>Enfermos cr\u00f3nicos, entre los 11 y hasta los 64 a\u00f1os.<\/strong><\/p>\n\n\n\n<p>4.-<strong> Embarazadas, cualquier edad gestacional.<\/strong><\/p>\n\n\n\n<p><strong>Horario Vacunaci\u00f3n:<\/strong><\/p>\n\n\n\n<p>Lunes a Viernes de 9 a 11 horas.<\/p>\n\n\n\n<p><strong>Lugar:<\/strong><\/p>\n\n\n\n<p>Vacunatorio, Policl\u00ednico Pediatr\u00eda.<\/p>\n\n\n\n<p><\/p>\n","protected":false},"excerpt":{"rendered":"<p>El 15 de marzo se dio inicio a la&nbsp;campa\u00f1a de vacunaci\u00f3n contra la Influenza 2023&nbsp;dirigida a grupos de la poblaci\u00f3n definidos, debido a su riesgo de sufrir complicaciones severas de la enfermedad. La influenza es una&nbsp;enfermedad grave y contagiosa,&nbsp;causada por un virus, que se transmite al toser, estornudar o por secreciones nasales. Vacunarse todos los [&hellip;]<\/p>\n","protected":false},"author":1,"featured_media":1226,"comment_status":"closed","ping_status":"closed","sticky":false,"template":"","format":"standard","meta":{"_eb_attr":"","_gspb_post_css":"","_uag_custom_page_level_css":"","site-sidebar-layout":"default","site-content-layout":"","ast-site-content-layout":"default","site-content-style":"default","site-sidebar-style":"default","ast-global-header-display":"","ast-banner-title-visibility":"","ast-main-header-display":"","ast-hfb-above-header-display":"","ast-hfb-below-header-display":"","ast-hfb-mobile-header-display":"","site-post-title":"","ast-breadcrumbs-content":"","ast-featured-img":"disabled","footer-sml-layout":"","theme-transparent-header-meta":"","adv-header-id-meta":"","stick-header-meta":"","header-above-stick-meta":"","header-main-stick-meta":"","header-below-stick-meta":"","astra-migrate-meta-layouts":"set","ast-page-background-enabled":"default","ast-page-background-meta":{"desktop":{"background-color":"var(--ast-global-color-4)","background-image":"","background-repeat":"repeat","background-position":"center center","background-size":"auto","background-attachment":"scroll","background-type":"","background-media":"","overlay-type":"","overlay-color":"","overlay-opacity":"","overlay-gradient":""},"tablet":{"background-color":"","background-image":"","background-repeat":"repeat","background-position":"center center","background-size":"auto","background-attachment":"scroll","background-type":"","background-media":"","overlay-type":"","overlay-color":"","overlay-opacity":"","overlay-gradient":""},"mobile":{"background-color":"","background-image":"","background-repeat":"repeat","background-position":"center center","background-size":"auto","background-attachment":"scroll","background-type":"","background-media":"","overlay-type":"","overlay-color":"","overlay-opacity":"","overlay-gradient":""}},"ast-content-background-meta":{"desktop":{"background-color":"var(--ast-global-color-5)","background-image":"","background-repeat":"repeat","background-position":"center center","background-size":"auto","background-attachment":"scroll","background-type":"","background-media":"","overlay-type":"","overlay-color":"","overlay-opacity":"","overlay-gradient":""},"tablet":{"background-color":"var(--ast-global-color-5)","background-image":"","background-repeat":"repeat","background-position":"center center","background-size":"auto","background-attachment":"scroll","background-type":"","background-media":"","overlay-type":"","overlay-color":"","overlay-opacity":"","overlay-gradient":""},"mobile":{"background-color":"var(--ast-global-color-5)","background-image":"","background-repeat":"repeat","background-position":"center center","background-size":"auto","background-attachment":"scroll","background-type":"","background-media":"","overlay-type":"","overlay-color":"","overlay-opacity":"","overlay-gradient":""}},"_themeisle_gutenberg_block_has_review":false,"footnotes":""},"categories":[7,8],"tags":[],"class_list":["post-1225","post","type-post","status-publish","format-standard","has-post-thumbnail","hentry","category-noticias","category-vacunacion"],"uagb_featured_image_src":{"full":["https:\/\/www.hospitalnavalmagallanes.cl\/wp-content\/uploads\/2023\/04\/vacunacion2023.png",600,250,false],"thumbnail":["https:\/\/www.hospitalnavalmagallanes.cl\/wp-content\/uploads\/2023\/04\/vacunacion2023-150x150.png",150,150,true],"medium":["https:\/\/www.hospitalnavalmagallanes.cl\/wp-content\/uploads\/2023\/04\/vacunacion2023-300x125.png",300,125,true],"medium_large":["https:\/\/www.hospitalnavalmagallanes.cl\/wp-content\/uploads\/2023\/04\/vacunacion2023.png",600,250,false],"large":["https:\/\/www.hospitalnavalmagallanes.cl\/wp-content\/uploads\/2023\/04\/vacunacion2023.png",600,250,false],"gs-tiny":["https:\/\/www.hospitalnavalmagallanes.cl\/wp-content\/uploads\/2023\/04\/vacunacion2023.png",50,21,false],"xl":["https:\/\/www.hospitalnavalmagallanes.cl\/wp-content\/uploads\/2023\/04\/vacunacion2023.png",600,250,false],"xxl":["https:\/\/www.hospitalnavalmagallanes.cl\/wp-content\/uploads\/2023\/04\/vacunacion2023.png",600,250,false],"xxxl":["https:\/\/www.hospitalnavalmagallanes.cl\/wp-content\/uploads\/2023\/04\/vacunacion2023.png",600,250,false],"xxxxl":["https:\/\/www.hospitalnavalmagallanes.cl\/wp-content\/uploads\/2023\/04\/vacunacion2023.png",600,250,false],"xxxxxl":["https:\/\/www.hospitalnavalmagallanes.cl\/wp-content\/uploads\/2023\/04\/vacunacion2023.png",600,250,false],"1536x1536":["https:\/\/www.hospitalnavalmagallanes.cl\/wp-content\/uploads\/2023\/04\/vacunacion2023.png",600,250,false],"2048x2048":["https:\/\/www.hospitalnavalmagallanes.cl\/wp-content\/uploads\/2023\/04\/vacunacion2023.png",600,250,false],"ultp_layout_landscape_large":["https:\/\/www.hospitalnavalmagallanes.cl\/wp-content\/uploads\/2023\/04\/vacunacion2023.png",600,250,false],"ultp_layout_landscape":["https:\/\/www.hospitalnavalmagallanes.cl\/wp-content\/uploads\/2023\/04\/vacunacion2023.png",600,250,false],"ultp_layout_portrait":["https:\/\/www.hospitalnavalmagallanes.cl\/wp-content\/uploads\/2023\/04\/vacunacion2023.png",600,250,false],"ultp_layout_square":["https:\/\/www.hospitalnavalmagallanes.cl\/wp-content\/uploads\/2023\/04\/vacunacion2023.png",600,250,false]},"uagb_author_info":{"display_name":false,"author_link":false},"uagb_comment_info":0,"uagb_excerpt":"El 15 de marzo se dio inicio a la&nbsp;campa\u00f1a de vacunaci\u00f3n contra la Influenza 2023&nbsp;dirigida a grupos de la poblaci\u00f3n definidos, debido a su riesgo de sufrir complicaciones severas de la enfermedad. La influenza es una&nbsp;enfermedad grave y contagiosa,&nbsp;causada por un virus, que se transmite al toser, estornudar o por secreciones nasales. Vacunarse todos los&hellip;","rttpg_featured_image_url":{"full":["https:\/\/www.hospitalnavalmagallanes.cl\/wp-content\/uploads\/2023\/04\/vacunacion2023.png",600,250,false],"landscape":["https:\/\/www.hospitalnavalmagallanes.cl\/wp-content\/uploads\/2023\/04\/vacunacion2023.png",600,250,false],"portraits":["https:\/\/www.hospitalnavalmagallanes.cl\/wp-content\/uploads\/2023\/04\/vacunacion2023.png",600,250,false],"thumbnail":["https:\/\/www.hospitalnavalmagallanes.cl\/wp-content\/uploads\/2023\/04\/vacunacion2023-150x150.png",150,150,true],"medium":["https:\/\/www.hospitalnavalmagallanes.cl\/wp-content\/uploads\/2023\/04\/vacunacion2023-300x125.png",300,125,true],"large":["https:\/\/www.hospitalnavalmagallanes.cl\/wp-content\/uploads\/2023\/04\/vacunacion2023.png",600,250,false],"gs-tiny":["https:\/\/www.hospitalnavalmagallanes.cl\/wp-content\/uploads\/2023\/04\/vacunacion2023.png",50,21,false],"xl":["https:\/\/www.hospitalnavalmagallanes.cl\/wp-content\/uploads\/2023\/04\/vacunacion2023.png",600,250,false],"xxl":["https:\/\/www.hospitalnavalmagallanes.cl\/wp-content\/uploads\/2023\/04\/vacunacion2023.png",600,250,false],"xxxl":["https:\/\/www.hospitalnavalmagallanes.cl\/wp-content\/uploads\/2023\/04\/vacunacion2023.png",600,250,false],"xxxxl":["https:\/\/www.hospitalnavalmagallanes.cl\/wp-content\/uploads\/2023\/04\/vacunacion2023.png",600,250,false],"xxxxxl":["https:\/\/www.hospitalnavalmagallanes.cl\/wp-content\/uploads\/2023\/04\/vacunacion2023.png",600,250,false],"1536x1536":["https:\/\/www.hospitalnavalmagallanes.cl\/wp-content\/uploads\/2023\/04\/vacunacion2023.png",600,250,false],"2048x2048":["https:\/\/www.hospitalnavalmagallanes.cl\/wp-content\/uploads\/2023\/04\/vacunacion2023.png",600,250,false],"ultp_layout_landscape_large":["https:\/\/www.hospitalnavalmagallanes.cl\/wp-content\/uploads\/2023\/04\/vacunacion2023.png",600,250,false],"ultp_layout_landscape":["https:\/\/www.hospitalnavalmagallanes.cl\/wp-content\/uploads\/2023\/04\/vacunacion2023.png",600,250,false],"ultp_layout_portrait":["https:\/\/www.hospitalnavalmagallanes.cl\/wp-content\/uploads\/2023\/04\/vacunacion2023.png",600,250,false],"ultp_layout_square":["https:\/\/www.hospitalnavalmagallanes.cl\/wp-content\/uploads\/2023\/04\/vacunacion2023.png",600,250,false]},"rttpg_author":{"display_name":false,"author_link":false},"rttpg_comment":0,"rttpg_category":"<a href=\"https:\/\/www.hospitalnavalmagallanes.cl\/?cat=7\" rel=\"category\">Noticias<\/a> <a href=\"https:\/\/www.hospitalnavalmagallanes.cl\/?cat=8\" rel=\"category\">Vacunaci\u00f3n<\/a>","rttpg_excerpt":"El 15 de marzo se dio inicio a la&nbsp;campa\u00f1a de vacunaci\u00f3n contra la Influenza 2023&nbsp;dirigida a grupos de la poblaci\u00f3n definidos, debido a su riesgo de sufrir complicaciones severas de la enfermedad. La influenza es una&nbsp;enfermedad grave y contagiosa,&nbsp;causada por un virus, que se transmite al toser, estornudar o por secreciones nasales. Vacunarse todos los&hellip;","_links":{"self":[{"href":"https:\/\/www.hospitalnavalmagallanes.cl\/index.php?rest_route=\/wp\/v2\/posts\/1225","targetHints":{"allow":["GET"]}}],"collection":[{"href":"https:\/\/www.hospitalnavalmagallanes.cl\/index.php?rest_route=\/wp\/v2\/posts"}],"about":[{"href":"https:\/\/www.hospitalnavalmagallanes.cl\/index.php?rest_route=\/wp\/v2\/types\/post"}],"author":[{"embeddable":true,"href":"https:\/\/www.hospitalnavalmagallanes.cl\/index.php?rest_route=\/wp\/v2\/users\/1"}],"replies":[{"embeddable":true,"href":"https:\/\/www.hospitalnavalmagallanes.cl\/index.php?rest_route=%2Fwp%2Fv2%2Fcomments&post=1225"}],"version-history":[{"count":3,"href":"https:\/\/www.hospitalnavalmagallanes.cl\/index.php?rest_route=\/wp\/v2\/posts\/1225\/revisions"}],"predecessor-version":[{"id":1527,"href":"https:\/\/www.hospitalnavalmagallanes.cl\/index.php?rest_route=\/wp\/v2\/posts\/1225\/revisions\/1527"}],"wp:featuredmedia":[{"embeddable":true,"href":"https:\/\/www.hospitalnavalmagallanes.cl\/index.php?rest_route=\/wp\/v2\/media\/1226"}],"wp:attachment":[{"href":"https:\/\/www.hospitalnavalmagallanes.cl\/index.php?rest_route=%2Fwp%2Fv2%2Fmedia&parent=1225"}],"wp:term":[{"taxonomy":"category","embeddable":true,"href":"https:\/\/www.hospitalnavalmagallanes.cl\/index.php?rest_route=%2Fwp%2Fv2%2Fcategories&post=1225"},{"taxonomy":"post_tag","embeddable":true,"href":"https:\/\/www.hospitalnavalmagallanes.cl\/index.php?rest_route=%2Fwp%2Fv2%2Ftags&post=1225"}],"curies":[{"name":"wp","href":"https:\/\/api.w.org\/{rel}","templated":true}]}}