{"id":1323,"date":"2023-09-07T12:47:25","date_gmt":"2023-09-07T12:47:25","guid":{"rendered":"https:\/\/www.hospitalnavalmagallanes.cl\/?p=1323"},"modified":"2025-05-12T17:50:45","modified_gmt":"2025-05-12T17:50:45","slug":"ceremonia-despedida-de-la-srta-gladys-sutherland-barrientos","status":"publish","type":"post","link":"https:\/\/www.hospitalnavalmagallanes.cl\/?p=1323","title":{"rendered":"CEREMONIA DESPEDIDA DE LA SRTA GLADYS SUTHERLAND BARRIENTOS"},"content":{"rendered":"\n<p><\/p>\n\n\n\n\n\n<p><\/p>\n\n\n\n<p>Este pasado Viernes 01 de Septiembre, se realiza la despedida de la Srta. &nbsp;&nbsp;&nbsp;&nbsp;&nbsp;&nbsp;&nbsp; Gladys Sutherland Barrientos, con la asistencia del Se\u00f1or Comandante en Jefe de la Tercera Zona Naval, Contraalmirante Don Fernando BORCOSKI Pinto, Familiares y dotaci\u00f3n del Hospital de las FF.AA. \u201cCirujano Cornelio Guzm\u00e1n\u201d, presidida por su Director, Capit\u00e1n de Nav\u00edo SN Sr. Hern\u00e1n Alvarado Aguilar, Oficiales y Suboficial Mayor.<\/p>\n\n\n\n<div class=\"wp-block-essential-blocks-image-gallery  root-eb-image-gallery-9twd1a5\"><div class=\"eb-parent-wrapper eb-parent-eb-image-gallery-9twd1a5 \"><div class=\"eb-gallery-img-wrapper eb-image-gallery-9twd1a5 default v2 grid null enable-isotope   overlay-bottom caption-style-0  \" data-id=\"eb-image-gallery-9twd1a5\" data-searchfilter=\"false\"><a href=\"https:\/\/www.hospitalnavalmagallanes.cl\/wp-content\/uploads\/2023\/09\/BANDA-MUSICO.jpg\" rel=\"noopener\" data-fslightbox=\"gallery\" data-type=\"image\" class=\"eb-gallery-img-content  eb-filter-img-\"><span class=\"eb-gallery-link-wrapper\"><img decoding=\"async\" class=\"eb-gallery-img\" src=\"https:\/\/www.hospitalnavalmagallanes.cl\/wp-content\/uploads\/2023\/09\/BANDA-MUSICO.jpg\" image-index=\"0\"\/><span class=\"eb-img-gallery-content center bottom\"><\/span><\/span><\/a><a href=\"https:\/\/www.hospitalnavalmagallanes.cl\/wp-content\/uploads\/2023\/09\/LECTURA-SR.-DIRECTOR.jpg\" rel=\"noopener\" data-fslightbox=\"gallery\" data-type=\"image\" class=\"eb-gallery-img-content  eb-filter-img-\"><span class=\"eb-gallery-link-wrapper\"><img decoding=\"async\" class=\"eb-gallery-img\" src=\"https:\/\/www.hospitalnavalmagallanes.cl\/wp-content\/uploads\/2023\/09\/LECTURA-SR.-DIRECTOR.jpg\" image-index=\"1\"\/><span class=\"eb-img-gallery-content center bottom\"><\/span><\/span><\/a><\/div><\/div><\/div>\n\n\n\n<p><\/p>\n\n\n\n<p>La trayectoria de la Srta Gladys Sutherland B., comienza un d\u00eda 04 de diciembre de 1979, que se incorpor\u00f3 a la vida laboral, a trav\u00e9s de su ingres\u00f3 a nuestro Hospital como alumna en Pr\u00e1ctica en el \u00e1rea de Cuentas Corrientes, como Contador General, proveniente del Instituto Superior de Comercio de Punta Arenas.<\/p>\n\n\n\n<p>Luego, a contar del 01 de Julio de 1981, es contratada como la Primera Funcionaria Fondos Propios del Hospital de las FF.AA. \u201cCirujano Guzm\u00e1n\u201d, como Ayudante de Cuentas Corrientes, fecha desde la cual ha prestado servicios en forma ininterrumpida hasta hoy.<\/p>\n\n\n\n<p>Durante las m\u00e1s de 4 d\u00e9cadas de servicio como dotaci\u00f3n de este Hospital, ha desempe\u00f1ado distintos cargos, tales como:<\/p>\n\n\n\n<p>Ayudante Cuentas Corrientes, Jefa Cuentas Corrientes, Cajas, Control de Existencia, Finanzas Medicina Preventiva conjuntamente con Remuneraciones Hospital. Finanzas Hospital: Sueldos Fondos Propios, Cargo Fondos Internos, Cargo Banco. Fondos Internos, Banco, Fofi, Libro Retenciones. Recursos Humanos (Remuneraciones) y Finanzas como encargada de Convenios.<\/p>\n\n\n\n<div class=\"wp-block-essential-blocks-image-gallery  root-eb-image-gallery-uu2ye54\"><div class=\"eb-parent-wrapper eb-parent-eb-image-gallery-uu2ye54 \"><div class=\"eb-gallery-img-wrapper eb-image-gallery-uu2ye54 default v2 grid null enable-isotope   overlay-bottom caption-style-0  \" data-id=\"eb-image-gallery-uu2ye54\" data-searchfilter=\"false\"><a href=\"https:\/\/www.hospitalnavalmagallanes.cl\/wp-content\/uploads\/2023\/09\/FOTO-GLADYS.jpg\" rel=\"noopener\" data-fslightbox=\"gallery\" data-type=\"image\" class=\"eb-gallery-img-content  eb-filter-img-\"><span class=\"eb-gallery-link-wrapper\"><img decoding=\"async\" class=\"eb-gallery-img\" src=\"https:\/\/www.hospitalnavalmagallanes.cl\/wp-content\/uploads\/2023\/09\/FOTO-GLADYS.jpg\" image-index=\"0\"\/><span class=\"eb-img-gallery-content center bottom\"><\/span><\/span><\/a><\/div><\/div><\/div>\n\n\n\n<p><\/p>\n\n\n\n<p>Este breve resumen es apenas una s\u00edntesis de todo el aporte, entrega y vocaci\u00f3n de servicio a nuestra Repartici\u00f3n por parte de una profesional que no ha conocido otro trabajo que el de nuestra Instituci\u00f3n y que tempranamente se impregn\u00f3 de ese car\u00e1cter y resiliencia del marino, para adaptarse a los m\u00e1s distintos escenarios con entusiasmo y disposici\u00f3n a aprender siempre algo nuevo, por m\u00e1s desconocido que le sea el desaf\u00edo.<\/p>\n\n\n\n<p>&nbsp;&nbsp;&nbsp;&nbsp;&nbsp;&nbsp;&nbsp;&nbsp;&nbsp;&nbsp;&nbsp; As\u00ed hemos llegado a este d\u00eda, en que Gladys, con la satisfacci\u00f3n del deber cumplido, ha tomado la decisi\u00f3n de alejarse de la Instituci\u00f3n para darle paso al merecido descanso y a la vida familiar. Hoy finaliza una etapa en su vida, pero su vocaci\u00f3n de servicio y su condici\u00f3n de servidora naval ser\u00e1 eterna y un ejemplo para todos nosotros. El transcurso del tiempo no lograr\u00e1 borrar las vivencias, los colegas, amigos y carretas que vio pasar en m\u00e1s de 43 a\u00f1os al servicio de la Instituci\u00f3n y de la Patria.<\/p>\n\n\n\n<div class=\"wp-block-essential-blocks-image-gallery  root-eb-image-gallery-ebxsrmt\"><div class=\"eb-parent-wrapper eb-parent-eb-image-gallery-ebxsrmt \"><div class=\"eb-gallery-img-wrapper eb-image-gallery-ebxsrmt default v2 grid null enable-isotope   overlay-bottom caption-style-0  \" data-id=\"eb-image-gallery-ebxsrmt\" data-searchfilter=\"false\"><a href=\"https:\/\/www.hospitalnavalmagallanes.cl\/wp-content\/uploads\/2023\/09\/COMDTE-MAYOR-SRA.-GLADYS.jpg\" rel=\"noopener\" data-fslightbox=\"gallery\" data-type=\"image\" class=\"eb-gallery-img-content  eb-filter-img-\"><span class=\"eb-gallery-link-wrapper\"><img decoding=\"async\" class=\"eb-gallery-img\" src=\"https:\/\/www.hospitalnavalmagallanes.cl\/wp-content\/uploads\/2023\/09\/COMDTE-MAYOR-SRA.-GLADYS.jpg\" image-index=\"0\"\/><span class=\"eb-img-gallery-content center bottom\"><\/span><\/span><\/a><\/div><\/div><\/div>\n","protected":false},"excerpt":{"rendered":"<p>Este pasado Viernes 01 de Septiembre, se realiza la despedida de la Srta. &nbsp;&nbsp;&nbsp;&nbsp;&nbsp;&nbsp;&nbsp; Gladys Sutherland Barrientos, con la asistencia del Se\u00f1or Comandante en Jefe de la Tercera Zona Naval, Contraalmirante Don Fernando BORCOSKI Pinto, Familiares y dotaci\u00f3n del Hospital de las FF.AA. \u201cCirujano Cornelio Guzm\u00e1n\u201d, presidida por su Director, Capit\u00e1n de Nav\u00edo SN Sr. [&hellip;]<\/p>\n","protected":false},"author":1,"featured_media":1326,"comment_status":"closed","ping_status":"closed","sticky":false,"template":"","format":"standard","meta":{"_eb_attr":"","_gspb_post_css":"","_uag_custom_page_level_css":"","site-sidebar-layout":"default","site-content-layout":"","ast-site-content-layout":"default","site-content-style":"default","site-sidebar-style":"default","ast-global-header-display":"","ast-banner-title-visibility":"","ast-main-header-display":"","ast-hfb-above-header-display":"","ast-hfb-below-header-display":"","ast-hfb-mobile-header-display":"","site-post-title":"","ast-breadcrumbs-content":"","ast-featured-img":"disabled","footer-sml-layout":"","theme-transparent-header-meta":"","adv-header-id-meta":"","stick-header-meta":"","header-above-stick-meta":"","header-main-stick-meta":"","header-below-stick-meta":"","astra-migrate-meta-layouts":"set","ast-page-background-enabled":"default","ast-page-background-meta":{"desktop":{"background-color":"var(--ast-global-color-4)","background-image":"","background-repeat":"repeat","background-position":"center center","background-size":"auto","background-attachment":"scroll","background-type":"","background-media":"","overlay-type":"","overlay-color":"","overlay-opacity":"","overlay-gradient":""},"tablet":{"background-color":"","background-image":"","background-repeat":"repeat","background-position":"center center","background-size":"auto","background-attachment":"scroll","background-type":"","background-media":"","overlay-type":"","overlay-color":"","overlay-opacity":"","overlay-gradient":""},"mobile":{"background-color":"","background-image":"","background-repeat":"repeat","background-position":"center center","background-size":"auto","background-attachment":"scroll","background-type":"","background-media":"","overlay-type":"","overlay-color":"","overlay-opacity":"","overlay-gradient":""}},"ast-content-background-meta":{"desktop":{"background-color":"var(--ast-global-color-5)","background-image":"","background-repeat":"repeat","background-position":"center center","background-size":"auto","background-attachment":"scroll","background-type":"","background-media":"","overlay-type":"","overlay-color":"","overlay-opacity":"","overlay-gradient":""},"tablet":{"background-color":"var(--ast-global-color-5)","background-image":"","background-repeat":"repeat","background-position":"center center","background-size":"auto","background-attachment":"scroll","background-type":"","background-media":"","overlay-type":"","overlay-color":"","overlay-opacity":"","overlay-gradient":""},"mobile":{"background-color":"var(--ast-global-color-5)","background-image":"","background-repeat":"repeat","background-position":"center center","background-size":"auto","background-attachment":"scroll","background-type":"","background-media":"","overlay-type":"","overlay-color":"","overlay-opacity":"","overlay-gradient":""}},"_themeisle_gutenberg_block_has_review":false,"footnotes":""},"categories":[7],"tags":[],"class_list":["post-1323","post","type-post","status-publish","format-standard","has-post-thumbnail","hentry","category-noticias"],"uagb_featured_image_src":{"full":["https:\/\/www.hospitalnavalmagallanes.cl\/wp-content\/uploads\/2023\/09\/PRESENTE-SR.-ALMTE-1.jpg",1500,1000,false],"thumbnail":["https:\/\/www.hospitalnavalmagallanes.cl\/wp-content\/uploads\/2023\/09\/PRESENTE-SR.-ALMTE-1-150x150.jpg",150,150,true],"medium":["https:\/\/www.hospitalnavalmagallanes.cl\/wp-content\/uploads\/2023\/09\/PRESENTE-SR.-ALMTE-1-300x200.jpg",300,200,true],"medium_large":["https:\/\/www.hospitalnavalmagallanes.cl\/wp-content\/uploads\/2023\/09\/PRESENTE-SR.-ALMTE-1-768x512.jpg",768,512,true],"large":["https:\/\/www.hospitalnavalmagallanes.cl\/wp-content\/uploads\/2023\/09\/PRESENTE-SR.-ALMTE-1-1024x683.jpg",1024,683,true],"gs-tiny":["https:\/\/www.hospitalnavalmagallanes.cl\/wp-content\/uploads\/2023\/09\/PRESENTE-SR.-ALMTE-1.jpg",50,33,false],"xl":["https:\/\/www.hospitalnavalmagallanes.cl\/wp-content\/uploads\/2023\/09\/PRESENTE-SR.-ALMTE-1.jpg",1500,1000,false],"xxl":["https:\/\/www.hospitalnavalmagallanes.cl\/wp-content\/uploads\/2023\/09\/PRESENTE-SR.-ALMTE-1.jpg",1500,1000,false],"xxxl":["https:\/\/www.hospitalnavalmagallanes.cl\/wp-content\/uploads\/2023\/09\/PRESENTE-SR.-ALMTE-1.jpg",1500,1000,false],"xxxxl":["https:\/\/www.hospitalnavalmagallanes.cl\/wp-content\/uploads\/2023\/09\/PRESENTE-SR.-ALMTE-1.jpg",1500,1000,false],"xxxxxl":["https:\/\/www.hospitalnavalmagallanes.cl\/wp-content\/uploads\/2023\/09\/PRESENTE-SR.-ALMTE-1.jpg",1500,1000,false],"1536x1536":["https:\/\/www.hospitalnavalmagallanes.cl\/wp-content\/uploads\/2023\/09\/PRESENTE-SR.-ALMTE-1.jpg",1500,1000,false],"2048x2048":["https:\/\/www.hospitalnavalmagallanes.cl\/wp-content\/uploads\/2023\/09\/PRESENTE-SR.-ALMTE-1.jpg",1500,1000,false],"ultp_layout_landscape_large":["https:\/\/www.hospitalnavalmagallanes.cl\/wp-content\/uploads\/2023\/09\/PRESENTE-SR.-ALMTE-1-1200x800.jpg",1200,800,true],"ultp_layout_landscape":["https:\/\/www.hospitalnavalmagallanes.cl\/wp-content\/uploads\/2023\/09\/PRESENTE-SR.-ALMTE-1-870x570.jpg",870,570,true],"ultp_layout_portrait":["https:\/\/www.hospitalnavalmagallanes.cl\/wp-content\/uploads\/2023\/09\/PRESENTE-SR.-ALMTE-1-600x900.jpg",600,900,true],"ultp_layout_square":["https:\/\/www.hospitalnavalmagallanes.cl\/wp-content\/uploads\/2023\/09\/PRESENTE-SR.-ALMTE-1-600x600.jpg",600,600,true]},"uagb_author_info":{"display_name":false,"author_link":false},"uagb_comment_info":0,"uagb_excerpt":"Este pasado Viernes 01 de Septiembre, se realiza la despedida de la Srta. &nbsp;&nbsp;&nbsp;&nbsp;&nbsp;&nbsp;&nbsp; Gladys Sutherland Barrientos, con la asistencia del Se\u00f1or Comandante en Jefe de la Tercera Zona Naval, Contraalmirante Don Fernando BORCOSKI Pinto, Familiares y dotaci\u00f3n del Hospital de las FF.AA. \u201cCirujano Cornelio Guzm\u00e1n\u201d, presidida por su Director, Capit\u00e1n de Nav\u00edo SN Sr.&hellip;","rttpg_featured_image_url":{"full":["https:\/\/www.hospitalnavalmagallanes.cl\/wp-content\/uploads\/2023\/09\/PRESENTE-SR.-ALMTE-1.jpg",1500,1000,false],"landscape":["https:\/\/www.hospitalnavalmagallanes.cl\/wp-content\/uploads\/2023\/09\/PRESENTE-SR.-ALMTE-1.jpg",1500,1000,false],"portraits":["https:\/\/www.hospitalnavalmagallanes.cl\/wp-content\/uploads\/2023\/09\/PRESENTE-SR.-ALMTE-1.jpg",1500,1000,false],"thumbnail":["https:\/\/www.hospitalnavalmagallanes.cl\/wp-content\/uploads\/2023\/09\/PRESENTE-SR.-ALMTE-1-150x150.jpg",150,150,true],"medium":["https:\/\/www.hospitalnavalmagallanes.cl\/wp-content\/uploads\/2023\/09\/PRESENTE-SR.-ALMTE-1-300x200.jpg",300,200,true],"large":["https:\/\/www.hospitalnavalmagallanes.cl\/wp-content\/uploads\/2023\/09\/PRESENTE-SR.-ALMTE-1-1024x683.jpg",1024,683,true],"gs-tiny":["https:\/\/www.hospitalnavalmagallanes.cl\/wp-content\/uploads\/2023\/09\/PRESENTE-SR.-ALMTE-1.jpg",50,33,false],"xl":["https:\/\/www.hospitalnavalmagallanes.cl\/wp-content\/uploads\/2023\/09\/PRESENTE-SR.-ALMTE-1.jpg",1500,1000,false],"xxl":["https:\/\/www.hospitalnavalmagallanes.cl\/wp-content\/uploads\/2023\/09\/PRESENTE-SR.-ALMTE-1.jpg",1500,1000,false],"xxxl":["https:\/\/www.hospitalnavalmagallanes.cl\/wp-content\/uploads\/2023\/09\/PRESENTE-SR.-ALMTE-1.jpg",1500,1000,false],"xxxxl":["https:\/\/www.hospitalnavalmagallanes.cl\/wp-content\/uploads\/2023\/09\/PRESENTE-SR.-ALMTE-1.jpg",1500,1000,false],"xxxxxl":["https:\/\/www.hospitalnavalmagallanes.cl\/wp-content\/uploads\/2023\/09\/PRESENTE-SR.-ALMTE-1.jpg",1500,1000,false],"1536x1536":["https:\/\/www.hospitalnavalmagallanes.cl\/wp-content\/uploads\/2023\/09\/PRESENTE-SR.-ALMTE-1.jpg",1500,1000,false],"2048x2048":["https:\/\/www.hospitalnavalmagallanes.cl\/wp-content\/uploads\/2023\/09\/PRESENTE-SR.-ALMTE-1.jpg",1500,1000,false],"ultp_layout_landscape_large":["https:\/\/www.hospitalnavalmagallanes.cl\/wp-content\/uploads\/2023\/09\/PRESENTE-SR.-ALMTE-1-1200x800.jpg",1200,800,true],"ultp_layout_landscape":["https:\/\/www.hospitalnavalmagallanes.cl\/wp-content\/uploads\/2023\/09\/PRESENTE-SR.-ALMTE-1-870x570.jpg",870,570,true],"ultp_layout_portrait":["https:\/\/www.hospitalnavalmagallanes.cl\/wp-content\/uploads\/2023\/09\/PRESENTE-SR.-ALMTE-1-600x900.jpg",600,900,true],"ultp_layout_square":["https:\/\/www.hospitalnavalmagallanes.cl\/wp-content\/uploads\/2023\/09\/PRESENTE-SR.-ALMTE-1-600x600.jpg",600,600,true]},"rttpg_author":{"display_name":false,"author_link":false},"rttpg_comment":0,"rttpg_category":"<a href=\"https:\/\/www.hospitalnavalmagallanes.cl\/?cat=7\" rel=\"category\">Noticias<\/a>","rttpg_excerpt":"Este pasado Viernes 01 de Septiembre, se realiza la despedida de la Srta. &nbsp;&nbsp;&nbsp;&nbsp;&nbsp;&nbsp;&nbsp; Gladys Sutherland Barrientos, con la asistencia del Se\u00f1or Comandante en Jefe de la Tercera Zona Naval, Contraalmirante Don Fernando BORCOSKI Pinto, Familiares y dotaci\u00f3n del Hospital de las FF.AA. \u201cCirujano Cornelio Guzm\u00e1n\u201d, presidida por su Director, Capit\u00e1n de Nav\u00edo SN Sr.&hellip;","_links":{"self":[{"href":"https:\/\/www.hospitalnavalmagallanes.cl\/index.php?rest_route=\/wp\/v2\/posts\/1323","targetHints":{"allow":["GET"]}}],"collection":[{"href":"https:\/\/www.hospitalnavalmagallanes.cl\/index.php?rest_route=\/wp\/v2\/posts"}],"about":[{"href":"https:\/\/www.hospitalnavalmagallanes.cl\/index.php?rest_route=\/wp\/v2\/types\/post"}],"author":[{"embeddable":true,"href":"https:\/\/www.hospitalnavalmagallanes.cl\/index.php?rest_route=\/wp\/v2\/users\/1"}],"replies":[{"embeddable":true,"href":"https:\/\/www.hospitalnavalmagallanes.cl\/index.php?rest_route=%2Fwp%2Fv2%2Fcomments&post=1323"}],"version-history":[{"count":12,"href":"https:\/\/www.hospitalnavalmagallanes.cl\/index.php?rest_route=\/wp\/v2\/posts\/1323\/revisions"}],"predecessor-version":[{"id":1518,"href":"https:\/\/www.hospitalnavalmagallanes.cl\/index.php?rest_route=\/wp\/v2\/posts\/1323\/revisions\/1518"}],"wp:featuredmedia":[{"embeddable":true,"href":"https:\/\/www.hospitalnavalmagallanes.cl\/index.php?rest_route=\/wp\/v2\/media\/1326"}],"wp:attachment":[{"href":"https:\/\/www.hospitalnavalmagallanes.cl\/index.php?rest_route=%2Fwp%2Fv2%2Fmedia&parent=1323"}],"wp:term":[{"taxonomy":"category","embeddable":true,"href":"https:\/\/www.hospitalnavalmagallanes.cl\/index.php?rest_route=%2Fwp%2Fv2%2Fcategories&post=1323"},{"taxonomy":"post_tag","embeddable":true,"href":"https:\/\/www.hospitalnavalmagallanes.cl\/index.php?rest_route=%2Fwp%2Fv2%2Ftags&post=1323"}],"curies":[{"name":"wp","href":"https:\/\/api.w.org\/{rel}","templated":true}]}}