{"id":1445,"date":"2024-08-23T14:17:01","date_gmt":"2024-08-23T14:17:01","guid":{"rendered":"https:\/\/www.hospitalnavalmagallanes.cl\/?p=1445"},"modified":"2025-05-12T17:41:58","modified_gmt":"2025-05-12T17:41:58","slug":"feria-saludable-hospital-de-las-f-f-a-a-de-punta-arenas","status":"publish","type":"post","link":"https:\/\/www.hospitalnavalmagallanes.cl\/?p=1445","title":{"rendered":"FERIA SALUDABLE HOSPITAL DE LAS F.F.A.A. DE PUNTA ARENAS"},"content":{"rendered":"\n<figure class=\"wp-block-gallery has-nested-images columns-default is-cropped wp-block-gallery-1 is-layout-flex wp-block-gallery-is-layout-flex\">\n<figure class=\"wp-block-image size-full\"><img decoding=\"async\" width=\"889\" height=\"658\" data-id=\"1446\" src=\"https:\/\/www.hospitalnavalmagallanes.cl\/wp-content\/uploads\/2024\/08\/foto1.jpg\" alt=\"\" class=\"wp-image-1446\" srcset=\"https:\/\/www.hospitalnavalmagallanes.cl\/wp-content\/uploads\/2024\/08\/foto1.jpg 889w, https:\/\/www.hospitalnavalmagallanes.cl\/wp-content\/uploads\/2024\/08\/foto1-300x222.jpg 300w, https:\/\/www.hospitalnavalmagallanes.cl\/wp-content\/uploads\/2024\/08\/foto1-768x568.jpg 768w, https:\/\/www.hospitalnavalmagallanes.cl\/wp-content\/uploads\/2024\/08\/foto1-50x37.jpg 50w\" sizes=\"(max-width: 889px) 100vw, 889px\" \/><\/figure>\n<\/figure>\n\n\n\n<p>Este 14 de Agosto se celebr\u00f3 una Feria Saludable en el marco del&nbsp; Mes del coraz\u00f3n, la cual tuvo por objetivo pesquisar enfermedades cr\u00f3nicas, realizaci\u00f3n de EFOS y educaci\u00f3n a usuarios adultos y pedi\u00e1tricos, en relaci\u00f3n a h\u00e1bitos de vida saludable.<\/p>\n\n\n\n<div class=\"wp-block-media-text is-stacked-on-mobile\"><figure class=\"wp-block-media-text__media\"><img decoding=\"async\" width=\"888\" height=\"832\" src=\"https:\/\/www.hospitalnavalmagallanes.cl\/wp-content\/uploads\/2024\/08\/foto2.jpg\" alt=\"\" class=\"wp-image-1451 size-full\" srcset=\"https:\/\/www.hospitalnavalmagallanes.cl\/wp-content\/uploads\/2024\/08\/foto2.jpg 888w, https:\/\/www.hospitalnavalmagallanes.cl\/wp-content\/uploads\/2024\/08\/foto2-300x281.jpg 300w, https:\/\/www.hospitalnavalmagallanes.cl\/wp-content\/uploads\/2024\/08\/foto2-768x720.jpg 768w, https:\/\/www.hospitalnavalmagallanes.cl\/wp-content\/uploads\/2024\/08\/foto2-50x47.jpg 50w\" sizes=\"(max-width: 888px) 100vw, 888px\" \/><\/figure><div class=\"wp-block-media-text__content\">\n<p>Esta actividad estuvo a cargo EU Policl\u00ednico adulto Sra. Margarita C\u00e1rdenas, Nutricionista Policl\u00ednicos Srta. Camila Guevara y EU Policl\u00ednico pediatr\u00eda Srta. Andrea Lazcano.<\/p>\n\n\n\n<p>Entre las actividades realizadas se cont\u00f3 con la presencia de un preparador f\u00edsico como invitado para educaci\u00f3n de pausas saludables y actividad f\u00edsica para adultos y ni\u00f1os, hubo degustaci\u00f3n de colaciones y meriendas&nbsp; saludables en cada stand.<\/p>\n\n\n\n<p>Est\u00e1 actividad de Promoci\u00f3n fue un gran \u00e9xito para la educaci\u00f3n de salud y prevenci\u00f3n de enfermedades cardiovasculares de nuestros usuarios SISAN.<\/p>\n<\/div><\/div>\n\n\n\n\n\n<figure class=\"wp-block-gallery has-nested-images columns-default is-cropped wp-block-gallery-2 is-layout-flex wp-block-gallery-is-layout-flex\">\n<figure class=\"wp-block-image size-large\"><img decoding=\"async\" width=\"855\" height=\"642\" data-id=\"1457\" src=\"https:\/\/www.hospitalnavalmagallanes.cl\/wp-content\/uploads\/2024\/08\/foto3.jpg\" alt=\"\" class=\"wp-image-1457\" srcset=\"https:\/\/www.hospitalnavalmagallanes.cl\/wp-content\/uploads\/2024\/08\/foto3.jpg 855w, https:\/\/www.hospitalnavalmagallanes.cl\/wp-content\/uploads\/2024\/08\/foto3-300x225.jpg 300w, https:\/\/www.hospitalnavalmagallanes.cl\/wp-content\/uploads\/2024\/08\/foto3-768x577.jpg 768w, https:\/\/www.hospitalnavalmagallanes.cl\/wp-content\/uploads\/2024\/08\/foto3-50x38.jpg 50w\" sizes=\"(max-width: 855px) 100vw, 855px\" \/><\/figure>\n<\/figure>\n","protected":false},"excerpt":{"rendered":"<p>Este 14 de Agosto se celebr\u00f3 una Feria Saludable en el marco del&nbsp; Mes del coraz\u00f3n, la cual tuvo por objetivo pesquisar enfermedades cr\u00f3nicas, realizaci\u00f3n de EFOS y educaci\u00f3n a usuarios adultos y pedi\u00e1tricos, en relaci\u00f3n a h\u00e1bitos de vida saludable. Esta actividad estuvo a cargo EU Policl\u00ednico adulto Sra. Margarita C\u00e1rdenas, Nutricionista Policl\u00ednicos Srta. [&hellip;]<\/p>\n","protected":false},"author":1,"featured_media":1446,"comment_status":"closed","ping_status":"open","sticky":false,"template":"","format":"standard","meta":{"_eb_attr":"","_gspb_post_css":"","_uag_custom_page_level_css":"","site-sidebar-layout":"default","site-content-layout":"","ast-site-content-layout":"default","site-content-style":"default","site-sidebar-style":"default","ast-global-header-display":"","ast-banner-title-visibility":"","ast-main-header-display":"","ast-hfb-above-header-display":"","ast-hfb-below-header-display":"","ast-hfb-mobile-header-display":"","site-post-title":"","ast-breadcrumbs-content":"","ast-featured-img":"disabled","footer-sml-layout":"","theme-transparent-header-meta":"","adv-header-id-meta":"","stick-header-meta":"","header-above-stick-meta":"","header-main-stick-meta":"","header-below-stick-meta":"","astra-migrate-meta-layouts":"set","ast-page-background-enabled":"default","ast-page-background-meta":{"desktop":{"background-color":"var(--ast-global-color-4)","background-image":"","background-repeat":"repeat","background-position":"center center","background-size":"auto","background-attachment":"scroll","background-type":"","background-media":"","overlay-type":"","overlay-color":"","overlay-opacity":"","overlay-gradient":""},"tablet":{"background-color":"","background-image":"","background-repeat":"repeat","background-position":"center center","background-size":"auto","background-attachment":"scroll","background-type":"","background-media":"","overlay-type":"","overlay-color":"","overlay-opacity":"","overlay-gradient":""},"mobile":{"background-color":"","background-image":"","background-repeat":"repeat","background-position":"center center","background-size":"auto","background-attachment":"scroll","background-type":"","background-media":"","overlay-type":"","overlay-color":"","overlay-opacity":"","overlay-gradient":""}},"ast-content-background-meta":{"desktop":{"background-color":"var(--ast-global-color-5)","background-image":"","background-repeat":"repeat","background-position":"center center","background-size":"auto","background-attachment":"scroll","background-type":"","background-media":"","overlay-type":"","overlay-color":"","overlay-opacity":"","overlay-gradient":""},"tablet":{"background-color":"var(--ast-global-color-5)","background-image":"","background-repeat":"repeat","background-position":"center center","background-size":"auto","background-attachment":"scroll","background-type":"","background-media":"","overlay-type":"","overlay-color":"","overlay-opacity":"","overlay-gradient":""},"mobile":{"background-color":"var(--ast-global-color-5)","background-image":"","background-repeat":"repeat","background-position":"center center","background-size":"auto","background-attachment":"scroll","background-type":"","background-media":"","overlay-type":"","overlay-color":"","overlay-opacity":"","overlay-gradient":""}},"_themeisle_gutenberg_block_has_review":false,"footnotes":""},"categories":[7],"tags":[],"class_list":["post-1445","post","type-post","status-publish","format-standard","has-post-thumbnail","hentry","category-noticias"],"uagb_featured_image_src":{"full":["https:\/\/www.hospitalnavalmagallanes.cl\/wp-content\/uploads\/2024\/08\/foto1.jpg",889,658,false],"thumbnail":["https:\/\/www.hospitalnavalmagallanes.cl\/wp-content\/uploads\/2024\/08\/foto1-150x150.jpg",150,150,true],"medium":["https:\/\/www.hospitalnavalmagallanes.cl\/wp-content\/uploads\/2024\/08\/foto1-300x222.jpg",300,222,true],"medium_large":["https:\/\/www.hospitalnavalmagallanes.cl\/wp-content\/uploads\/2024\/08\/foto1-768x568.jpg",768,568,true],"large":["https:\/\/www.hospitalnavalmagallanes.cl\/wp-content\/uploads\/2024\/08\/foto1.jpg",889,658,false],"gs-tiny":["https:\/\/www.hospitalnavalmagallanes.cl\/wp-content\/uploads\/2024\/08\/foto1-50x37.jpg",50,37,true],"xl":["https:\/\/www.hospitalnavalmagallanes.cl\/wp-content\/uploads\/2024\/08\/foto1.jpg",889,658,false],"xxl":["https:\/\/www.hospitalnavalmagallanes.cl\/wp-content\/uploads\/2024\/08\/foto1.jpg",889,658,false],"xxxl":["https:\/\/www.hospitalnavalmagallanes.cl\/wp-content\/uploads\/2024\/08\/foto1.jpg",889,658,false],"xxxxl":["https:\/\/www.hospitalnavalmagallanes.cl\/wp-content\/uploads\/2024\/08\/foto1.jpg",889,658,false],"xxxxxl":["https:\/\/www.hospitalnavalmagallanes.cl\/wp-content\/uploads\/2024\/08\/foto1.jpg",889,658,false],"1536x1536":["https:\/\/www.hospitalnavalmagallanes.cl\/wp-content\/uploads\/2024\/08\/foto1.jpg",889,658,false],"2048x2048":["https:\/\/www.hospitalnavalmagallanes.cl\/wp-content\/uploads\/2024\/08\/foto1.jpg",889,658,false],"ultp_layout_landscape_large":["https:\/\/www.hospitalnavalmagallanes.cl\/wp-content\/uploads\/2024\/08\/foto1.jpg",889,658,false],"ultp_layout_landscape":["https:\/\/www.hospitalnavalmagallanes.cl\/wp-content\/uploads\/2024\/08\/foto1-870x570.jpg",870,570,true],"ultp_layout_portrait":["https:\/\/www.hospitalnavalmagallanes.cl\/wp-content\/uploads\/2024\/08\/foto1-600x658.jpg",600,658,true],"ultp_layout_square":["https:\/\/www.hospitalnavalmagallanes.cl\/wp-content\/uploads\/2024\/08\/foto1-600x600.jpg",600,600,true]},"uagb_author_info":{"display_name":false,"author_link":false},"uagb_comment_info":0,"uagb_excerpt":"Este 14 de Agosto se celebr\u00f3 una Feria Saludable en el marco del&nbsp; Mes del coraz\u00f3n, la cual tuvo por objetivo pesquisar enfermedades cr\u00f3nicas, realizaci\u00f3n de EFOS y educaci\u00f3n a usuarios adultos y pedi\u00e1tricos, en relaci\u00f3n a h\u00e1bitos de vida saludable. Esta actividad estuvo a cargo EU Policl\u00ednico adulto Sra. Margarita C\u00e1rdenas, Nutricionista Policl\u00ednicos Srta.&hellip;","rttpg_featured_image_url":{"full":["https:\/\/www.hospitalnavalmagallanes.cl\/wp-content\/uploads\/2024\/08\/foto1.jpg",889,658,false],"landscape":["https:\/\/www.hospitalnavalmagallanes.cl\/wp-content\/uploads\/2024\/08\/foto1.jpg",889,658,false],"portraits":["https:\/\/www.hospitalnavalmagallanes.cl\/wp-content\/uploads\/2024\/08\/foto1.jpg",889,658,false],"thumbnail":["https:\/\/www.hospitalnavalmagallanes.cl\/wp-content\/uploads\/2024\/08\/foto1-150x150.jpg",150,150,true],"medium":["https:\/\/www.hospitalnavalmagallanes.cl\/wp-content\/uploads\/2024\/08\/foto1-300x222.jpg",300,222,true],"large":["https:\/\/www.hospitalnavalmagallanes.cl\/wp-content\/uploads\/2024\/08\/foto1.jpg",889,658,false],"gs-tiny":["https:\/\/www.hospitalnavalmagallanes.cl\/wp-content\/uploads\/2024\/08\/foto1-50x37.jpg",50,37,true],"xl":["https:\/\/www.hospitalnavalmagallanes.cl\/wp-content\/uploads\/2024\/08\/foto1.jpg",889,658,false],"xxl":["https:\/\/www.hospitalnavalmagallanes.cl\/wp-content\/uploads\/2024\/08\/foto1.jpg",889,658,false],"xxxl":["https:\/\/www.hospitalnavalmagallanes.cl\/wp-content\/uploads\/2024\/08\/foto1.jpg",889,658,false],"xxxxl":["https:\/\/www.hospitalnavalmagallanes.cl\/wp-content\/uploads\/2024\/08\/foto1.jpg",889,658,false],"xxxxxl":["https:\/\/www.hospitalnavalmagallanes.cl\/wp-content\/uploads\/2024\/08\/foto1.jpg",889,658,false],"1536x1536":["https:\/\/www.hospitalnavalmagallanes.cl\/wp-content\/uploads\/2024\/08\/foto1.jpg",889,658,false],"2048x2048":["https:\/\/www.hospitalnavalmagallanes.cl\/wp-content\/uploads\/2024\/08\/foto1.jpg",889,658,false],"ultp_layout_landscape_large":["https:\/\/www.hospitalnavalmagallanes.cl\/wp-content\/uploads\/2024\/08\/foto1.jpg",889,658,false],"ultp_layout_landscape":["https:\/\/www.hospitalnavalmagallanes.cl\/wp-content\/uploads\/2024\/08\/foto1-870x570.jpg",870,570,true],"ultp_layout_portrait":["https:\/\/www.hospitalnavalmagallanes.cl\/wp-content\/uploads\/2024\/08\/foto1-600x658.jpg",600,658,true],"ultp_layout_square":["https:\/\/www.hospitalnavalmagallanes.cl\/wp-content\/uploads\/2024\/08\/foto1-600x600.jpg",600,600,true]},"rttpg_author":{"display_name":false,"author_link":false},"rttpg_comment":0,"rttpg_category":"<a href=\"https:\/\/www.hospitalnavalmagallanes.cl\/?cat=7\" rel=\"category\">Noticias<\/a>","rttpg_excerpt":"Este 14 de Agosto se celebr\u00f3 una Feria Saludable en el marco del&nbsp; Mes del coraz\u00f3n, la cual tuvo por objetivo pesquisar enfermedades cr\u00f3nicas, realizaci\u00f3n de EFOS y educaci\u00f3n a usuarios adultos y pedi\u00e1tricos, en relaci\u00f3n a h\u00e1bitos de vida saludable. Esta actividad estuvo a cargo EU Policl\u00ednico adulto Sra. Margarita C\u00e1rdenas, Nutricionista Policl\u00ednicos Srta.&hellip;","_links":{"self":[{"href":"https:\/\/www.hospitalnavalmagallanes.cl\/index.php?rest_route=\/wp\/v2\/posts\/1445","targetHints":{"allow":["GET"]}}],"collection":[{"href":"https:\/\/www.hospitalnavalmagallanes.cl\/index.php?rest_route=\/wp\/v2\/posts"}],"about":[{"href":"https:\/\/www.hospitalnavalmagallanes.cl\/index.php?rest_route=\/wp\/v2\/types\/post"}],"author":[{"embeddable":true,"href":"https:\/\/www.hospitalnavalmagallanes.cl\/index.php?rest_route=\/wp\/v2\/users\/1"}],"replies":[{"embeddable":true,"href":"https:\/\/www.hospitalnavalmagallanes.cl\/index.php?rest_route=%2Fwp%2Fv2%2Fcomments&post=1445"}],"version-history":[{"count":12,"href":"https:\/\/www.hospitalnavalmagallanes.cl\/index.php?rest_route=\/wp\/v2\/posts\/1445\/revisions"}],"predecessor-version":[{"id":1512,"href":"https:\/\/www.hospitalnavalmagallanes.cl\/index.php?rest_route=\/wp\/v2\/posts\/1445\/revisions\/1512"}],"wp:featuredmedia":[{"embeddable":true,"href":"https:\/\/www.hospitalnavalmagallanes.cl\/index.php?rest_route=\/wp\/v2\/media\/1446"}],"wp:attachment":[{"href":"https:\/\/www.hospitalnavalmagallanes.cl\/index.php?rest_route=%2Fwp%2Fv2%2Fmedia&parent=1445"}],"wp:term":[{"taxonomy":"category","embeddable":true,"href":"https:\/\/www.hospitalnavalmagallanes.cl\/index.php?rest_route=%2Fwp%2Fv2%2Fcategories&post=1445"},{"taxonomy":"post_tag","embeddable":true,"href":"https:\/\/www.hospitalnavalmagallanes.cl\/index.php?rest_route=%2Fwp%2Fv2%2Ftags&post=1445"}],"curies":[{"name":"wp","href":"https:\/\/api.w.org\/{rel}","templated":true}]}}